{"id":5938,"date":"2022-07-11T13:02:58","date_gmt":"2022-07-11T13:02:58","guid":{"rendered":"https:\/\/walksintra.com\/?p=5938"},"modified":"2022-07-12T12:18:14","modified_gmt":"2022-07-12T12:18:14","slug":"portugal-entra-em-situacao-de-contingencia-a-partir-de-hoje-dia-11-de-julho-quais-os-cuidados-que-devemos-ter","status":"publish","type":"post","link":"https:\/\/walksintra.com\/pt\/2022\/07\/11\/portugal-entra-em-situacao-de-contingencia-a-partir-de-hoje-dia-11-de-julho-quais-os-cuidados-que-devemos-ter\/","title":{"rendered":"Portugal entra em Situa\u00e7\u00e3o de Conting\u00eancia a partir de hoje, dia 11 de Julho."},"content":{"rendered":"<h6><strong>O Governo declarou Situa\u00e7\u00e3o de Conting\u00eancia em Portugal no per\u00edodo compreendido entre as 00h00 horas do dia 11 de julho e as 23h59 horas do dia 15 de julho. Quais os cuidados que devemos ter?<\/strong><\/h6>\n<p>&nbsp;<\/p>\n<p>Esta Declara\u00e7\u00e3o resulta da eleva\u00e7\u00e3o do Estado de Alerta Especial da Autoridade Nacional de Emerg\u00eancia e Prote\u00e7\u00e3o Civil (ANEPC), em fun\u00e7\u00e3o do agravamento das previs\u00f5es do <a href=\"https:\/\/www.ipma.pt\/pt\/index.html\">Instituto Portugu\u00eas do Mar e da Atmosfera (IPMA)<\/a>, com grande parte do territ\u00f3rio continental nos n\u00edveis Elevado, Muito Elevado e M\u00e1ximo de risco de inc\u00eandio.<\/p>\n<p>Ao declarar a situa\u00e7\u00e3o de conting\u00eancia, h\u00e1 uma s\u00e9rie de meios que s\u00e3o accionados ou cujo n\u00edvel de prontid\u00e3o \u00e9 elevado para o caso de serem necess\u00e1rios.<\/p>\n<p>&nbsp;<\/p>\n<h6><strong>O que n\u00e3o podemos fazer em Portugal?<\/strong><\/h6>\n<p>&nbsp;<\/p>\n<ul>\n<li>Proibi\u00e7\u00e3o do acesso, circula\u00e7\u00e3o e perman\u00eancia no interior dos espa\u00e7os florestais, previamente definidos nos planos municipais de defesa da floresta contra inc\u00eandios, bem como nos caminhos florestais, caminhos rurais e outras vias que os atravessem;<\/li>\n<li>Proibi\u00e7\u00e3o da realiza\u00e7\u00e3o de queimadas e de queimas de sobrantes de explora\u00e7\u00e3o;<\/li>\n<li>Proibi\u00e7\u00e3o de realiza\u00e7\u00e3o de trabalhos nos espa\u00e7os florestais com recurso a qualquer tipo de maquinaria, com exce\u00e7\u00e3o dos associados a situa\u00e7\u00f5es de combate a inc\u00eandios rurais;<\/li>\n<li>Proibi\u00e7\u00e3o de realiza\u00e7\u00e3o de trabalhos nos demais espa\u00e7os rurais com recurso a motorro\u00e7adoras de l\u00e2minas ou discos met\u00e1licos, corta-matos, destro\u00e7adores e m\u00e1quinas com l\u00e2minas ou p\u00e1 frontal;<\/li>\n<li>Proibi\u00e7\u00e3o da utiliza\u00e7\u00e3o de fogo-de-artif\u00edcio ou outros artefactos pirot\u00e9cnicos, independentemente da sua forma de combust\u00e3o, bem como a suspens\u00e3o das autoriza\u00e7\u00f5es que tenham sido emitidas.<\/li>\n<\/ul>\n<h6><\/h6>\n<h6><strong>O que n\u00e3o podemos fazer em Sintra? <\/strong>(para al\u00e9m da informa\u00e7\u00e3o anterior)<\/h6>\n<p>&nbsp;<\/p>\n<ul>\n<li><strong>Visitar o Parque e Pal\u00e1cio Nacional da Pena<\/strong>,\u00a0<strong>Castelo dos Mouros<\/strong>,\u00a0<strong>Convento dos Capuchos<\/strong>, <strong>Parque e Pal\u00e1cio de Monserrate, Quinta da Regaleira e Pal\u00e1cio Biester. <\/strong>Estes locais est\u00e3o encerrados de 11 a 15 de julho por imposi\u00e7\u00e3o legal, devido a risco extremo de inc\u00eandio rural.<\/li>\n<\/ul>\n<p>&nbsp;<\/p>\n<h6><strong>As nossas sugest\u00f5es:<\/strong><\/h6>\n<p>&nbsp;<\/p>\n<ul>\n<li><strong>\u00c9 poss\u00edvel visitar o <a href=\"https:\/\/www.parquesdesintra.pt\/pt\/parques-monumentos\/palacio-nacional-sintra\/\">Pal\u00e1cio Nacional de Sintra<\/a> e o <a href=\"https:\/\/www.parquesdesintra.pt\/pt\/parques-monumentos\/palacio-nacional-e-jardins-de-queluz\/\">Pal\u00e1cio Nacional de Queluz;<\/a><\/strong><\/li>\n<li>Sugerimos uma caminhada no Centro Hist\u00f3rico de Sintra. Temos dispon\u00edveis os percursos <a href=\"https:\/\/walksintra.com\/pt\/pr1-santa-maria-2\/\">PR1 <\/a>e a <a href=\"https:\/\/walksintra.com\/pt\/a-rota-das-confeitarias-de-sintra\/\">Rota das Confeitarias de Sintra;<\/a><\/li>\n<li>Outra sugest\u00e3o para caminhada \u00e9 no percurso <a href=\"https:\/\/walksintra.com\/pt\/gr-11-caminho-do-atlantico\/\">GR11 &#8211; Caminho do Atl\u00e2ntico<\/a>, sendo que parte do litoral est\u00e1 com a temperatura mais agrad\u00e1vel e tem servi\u00e7os de caf\u00e9s e restaurantes em alguns locais. Neste percurso \u00e9 poss\u00edvel aceder a todas as praias (entre Cabo da Roca e Magoito), e tem transporte p\u00fablico dispon\u00edvel em quase todas as praias, com exce\u00e7\u00e3o da Praia da Ursa (transporte mais perto localiza-se no Cabo da Roca), Adraga (mais perto \u00e9 em Almo\u00e7ageme) e Aguda (tem transporte p\u00fablico em Azenhas do Mar e Magoito).<\/li>\n<\/ul>\n<p><em><strong>Mantenham-se hidratados!<\/strong><\/em><\/p>\n<p>&nbsp;<\/p>\n<h6><strong>A APP Walk Sintra est\u00e1 dispon\u00edvel em <a href=\"https:\/\/play.google.com\/store\/apps\/details?id=com.walksintra&amp;hl\">Google Play<\/a> e <a href=\"https:\/\/apps.apple.com\/app\/id1607498612\">APP Store.\u00a0<\/a><\/strong><\/h6>\n<p>&nbsp;<\/p>\n<p>Fonte: <a href=\"https:\/\/www.portugal.gov.pt\/pt\/gc23\/comunicacao\/noticia?i=governo-declara-situacao-de-contingencia-devido-aos-incendios\">https:\/\/www.portugal.gov.pt\/pt\/gc23\/comunicacao\/noticia?i=governo-declara-situacao-de-contingencia-devido-aos-incendios<\/a><\/p>","protected":false},"excerpt":{"rendered":"<p>Quais os cuidados que devemos ter? <\/p>","protected":false},"author":1,"featured_media":5943,"comment_status":"closed","ping_status":"open","sticky":false,"template":"","format":"standard","meta":{"_monsterinsights_skip_tracking":false,"_monsterinsights_sitenote_active":false,"_monsterinsights_sitenote_note":"","_monsterinsights_sitenote_category":0,"footnotes":""},"categories":[283],"tags":[],"class_list":["post-5938","post","type-post","status-publish","format-standard","has-post-thumbnail","hentry","category-noticias"],"_links":{"self":[{"href":"https:\/\/walksintra.com\/pt\/wp-json\/wp\/v2\/posts\/5938","targetHints":{"allow":["GET"]}}],"collection":[{"href":"https:\/\/walksintra.com\/pt\/wp-json\/wp\/v2\/posts"}],"about":[{"href":"https:\/\/walksintra.com\/pt\/wp-json\/wp\/v2\/types\/post"}],"author":[{"embeddable":true,"href":"https:\/\/walksintra.com\/pt\/wp-json\/wp\/v2\/users\/1"}],"replies":[{"embeddable":true,"href":"https:\/\/walksintra.com\/pt\/wp-json\/wp\/v2\/comments?post=5938"}],"version-history":[{"count":14,"href":"https:\/\/walksintra.com\/pt\/wp-json\/wp\/v2\/posts\/5938\/revisions"}],"predecessor-version":[{"id":5966,"href":"https:\/\/walksintra.com\/pt\/wp-json\/wp\/v2\/posts\/5938\/revisions\/5966"}],"wp:featuredmedia":[{"embeddable":true,"href":"https:\/\/walksintra.com\/pt\/wp-json\/wp\/v2\/media\/5943"}],"wp:attachment":[{"href":"https:\/\/walksintra.com\/pt\/wp-json\/wp\/v2\/media?parent=5938"}],"wp:term":[{"taxonomy":"category","embeddable":true,"href":"https:\/\/walksintra.com\/pt\/wp-json\/wp\/v2\/categories?post=5938"},{"taxonomy":"post_tag","embeddable":true,"href":"https:\/\/walksintra.com\/pt\/wp-json\/wp\/v2\/tags?post=5938"}],"curies":[{"name":"wp","href":"https:\/\/api.w.org\/{rel}","templated":true}]}}