{"id":5743,"date":"2022-01-12T13:06:27","date_gmt":"2022-01-12T13:06:27","guid":{"rendered":"https:\/\/walksintra.com\/?p=5743"},"modified":"2022-01-13T09:56:33","modified_gmt":"2022-01-13T09:56:33","slug":"corrida-fim-da-europa","status":"publish","type":"post","link":"https:\/\/walksintra.com\/pt\/2022\/01\/12\/corrida-fim-da-europa\/","title":{"rendered":"Corrida &#8220;Fim da Europa&#8221;"},"content":{"rendered":"<blockquote>\n<p style=\"text-align: left;\"><strong>Dificilmente haver\u00e1 prova mais bonita\u2026<\/strong><\/p>\n<\/blockquote>\n<p><strong>A corrida de 17 km &#8220;Fim da Europa&#8221; que foi considerada uma das 10 corridas mais bonitas do mundo<\/strong> no livro World\u2019s Ultimate Running Races (Harper Colling Publishers), vem mais uma vez a Sintra!<\/p>\n<p>H\u00e1 mais de 30 anos, tipicamente no \u00faltimo domingo de janeiro, esta corrida come\u00e7a no centro da \u00e1rea do Patrim\u00f3nio Cultural da Unesco de Sintra e sobe e desce a serra e desce, at\u00e9 ao ponto mais ocidental da Europa continental, o Cabo da Roca. Este ano a data \u00e9 excepcionalmente em 6 de fevereiro. Existe um n\u00famero m\u00e1ximo de 3000 subscri\u00e7\u00f5es, abertas em 3 fases; os primeiras 2.000 lugares j\u00e1 est\u00e3o ocupados, e as \u00faltimas mil inscri\u00e7\u00f5es ser\u00e3o abertas em breve.<\/p>\n<p>O desafio da corrida n\u00e3o \u00e9 a dist\u00e2ncia, mas as condi\u00e7\u00f5es: os 17 kms do percurso s\u00e3o de subidas e descidas, e as condi\u00e7\u00f5es clim\u00e1ticas de inverno podem ser desafiadoras. Os primeiros 4 km s\u00e3o a subir, pela estrada no meio da floresta encantada; os 6 km seguintes s\u00e3o mais f\u00e1ceis, com subidas e descidas alternadas &#8211; at\u00e9 ao quil\u00f4metro 10, quando vem mais uma subida \u00edngreme (as vezes at\u00e9 15% de inclina\u00e7\u00e3o). Os \u00faltimos 6 kms s\u00e3o em descida, proporcionando uma bela vista para o Oceano Atl\u00e2ntico e para o destino do Cabo da Roca. \u00c9 dif\u00edcil imaginar que os primeiros atletas devem chegar apenas uma hora depois de come\u00e7arem! A prova \u00e9 organizada pela C\u00e2mara Municipal de Sintra em colabora\u00e7\u00e3o com a Podium Events, e conta com in\u00fameros volunt\u00e1rios para garantir todos os servi\u00e7os na prepara\u00e7\u00e3o e durante o evento.<\/p>\n<p>Na Casa do Valle, apoiamos atividades ao ar livre e ao longo dos anos tivemos muitos clientes que participaram neste evento. Estamos convenientemente localizados, muito pr\u00f3ximos do local de in\u00edcio da prova, e oferecemos servi\u00e7os que complementam a atividade. Este ano mostramos o nosso apoio oferecendo um desconto nos pre\u00e7os do alojamento, sauna e massagens <strong>(desconto at\u00e9 20% com o c\u00f3digo: FIMDAEUROPA)<\/strong> em reservas diretas.<br \/>\n<a href=\"https:\/\/booking.roomraccoon.pt\/casa-do-valle\/pt\/\">Reserve a sua estadia aqui<\/a>, e venha experienciar uma das corridas mais antigas de Portugal, naquele lugar que o nosso poeta nacional Lu\u00eds Vaz de Cam\u00f5es chamou de local onde &#8220;a terra se acaba e o mar come\u00e7a&#8221;.<\/p>\n<p>Para mais informa\u00e7\u00f5es, acesse o <a href=\"https:\/\/www.fimdaeuropa.com\/\">website da corrida aqui<\/a>. Voc\u00ea pode se <a href=\"https:\/\/registerandgo.net\/?evento=640\">inscrever para a corrida aqui.<\/a><\/p>","protected":false},"excerpt":{"rendered":"<p>A corrida de 17 km \u2018Fim da Europa\u2019 que foi considerada uma das 10 corridas mais bonitas do mundo, vem mais uma vez a Sintra!<\/p>","protected":false},"author":1,"featured_media":5741,"comment_status":"closed","ping_status":"open","sticky":false,"template":"","format":"standard","meta":{"_monsterinsights_skip_tracking":false,"_monsterinsights_sitenote_active":false,"_monsterinsights_sitenote_note":"","_monsterinsights_sitenote_category":0,"footnotes":""},"categories":[306],"tags":[],"class_list":["post-5743","post","type-post","status-publish","format-standard","has-post-thumbnail","hentry","category-eventos"],"_links":{"self":[{"href":"https:\/\/walksintra.com\/pt\/wp-json\/wp\/v2\/posts\/5743","targetHints":{"allow":["GET"]}}],"collection":[{"href":"https:\/\/walksintra.com\/pt\/wp-json\/wp\/v2\/posts"}],"about":[{"href":"https:\/\/walksintra.com\/pt\/wp-json\/wp\/v2\/types\/post"}],"author":[{"embeddable":true,"href":"https:\/\/walksintra.com\/pt\/wp-json\/wp\/v2\/users\/1"}],"replies":[{"embeddable":true,"href":"https:\/\/walksintra.com\/pt\/wp-json\/wp\/v2\/comments?post=5743"}],"version-history":[{"count":6,"href":"https:\/\/walksintra.com\/pt\/wp-json\/wp\/v2\/posts\/5743\/revisions"}],"predecessor-version":[{"id":5754,"href":"https:\/\/walksintra.com\/pt\/wp-json\/wp\/v2\/posts\/5743\/revisions\/5754"}],"wp:featuredmedia":[{"embeddable":true,"href":"https:\/\/walksintra.com\/pt\/wp-json\/wp\/v2\/media\/5741"}],"wp:attachment":[{"href":"https:\/\/walksintra.com\/pt\/wp-json\/wp\/v2\/media?parent=5743"}],"wp:term":[{"taxonomy":"category","embeddable":true,"href":"https:\/\/walksintra.com\/pt\/wp-json\/wp\/v2\/categories?post=5743"},{"taxonomy":"post_tag","embeddable":true,"href":"https:\/\/walksintra.com\/pt\/wp-json\/wp\/v2\/tags?post=5743"}],"curies":[{"name":"wp","href":"https:\/\/api.w.org\/{rel}","templated":true}]}}