{"id":5588,"date":"2021-11-08T15:21:25","date_gmt":"2021-11-08T15:21:25","guid":{"rendered":"https:\/\/walksintra.com\/?p=5588"},"modified":"2021-11-12T16:22:32","modified_gmt":"2021-11-12T16:22:32","slug":"caminhada-prova-de-vinho-de-colares","status":"publish","type":"post","link":"https:\/\/walksintra.com\/pt\/2021\/11\/08\/caminhada-prova-de-vinho-de-colares\/","title":{"rendered":"Caminhada &#038; Prova de Vinho de Colares"},"content":{"rendered":"<section id=\"bt_bb_section69f2591ad6bce\" class=\"bt_bb_section bt_bb_layout_boxed_1200 bt_bb_vertical_align_top bt_bb_top_spacing_small bt_bb_bottom_spacing_normal\" style=\"background: linear-gradient(135deg, #F1F1F1 0%,#FFFFFF 50%);\" data-bt-override-class=\"null\"><div class=\"bt_bb_port\"><div class=\"bt_bb_cell\"><div class=\"bt_bb_cell_inner\"><div class=\"bt_bb_row\"  data-bt-override-class=\"{}\"><div class=\"bt_bb_row_holder\" ><div  class=\"bt_bb_column col-xxl-6 col-xl-6 bt_bb_vertical_align_top bt_bb_align_left bt_bb_padding_normal\" style=\"; --column-width:6;\" data-width=\"6\" data-bt-override-class=\"{}\"><div class=\"bt_bb_column_content\"><div class=\"bt_bb_column_content_inner\"><div class=\"bt_bb_separator bt_bb_border_style_none bt_bb_bottom_spacing_medium\" data-bt-override-class=\"null\"><\/div><\/div><\/div><\/div><div  class=\"bt_bb_column col-xxl-6 col-xl-6 bt_bb_vertical_align_top bt_bb_align_left bt_bb_padding_normal\" style=\"; --column-width:6;\" data-width=\"6\" data-bt-override-class=\"{}\"><div class=\"bt_bb_column_content\"><div class=\"bt_bb_column_content_inner\"><\/div><\/div><\/div><\/div><\/div><div class=\"bt_bb_row  bt_bb_hidden_md bt_bb_hidden_lg\"  data-bt-override-class=\"{}\"><div class=\"bt_bb_row_holder\" ><div  class=\"bt_bb_column col-xxl-6 col-xl-6 bt_bb_vertical_align_top bt_bb_align_left bt_bb_padding_normal\" style=\"; --column-width:6;\" data-width=\"6\" data-bt-override-class=\"{}\"><div class=\"bt_bb_column_content\"><div class=\"bt_bb_column_content_inner\"><div class=\"bt_bb_slider bt_bb_height_auto bt_bb_show_dots_bottom bt_bb_animation_slide animate\"><div class=\"slick-slider\"  data-slick='{ \"lazyLoad\": \"progressive\", \"cssEase\": \"ease-out\", \"speed\": \"300\", \"adaptiveHeight\": true, \"dots\": true, \"prevArrow\": \"&lt;button type=\\\"button\\\" class=\\\"slick-prev\\\" aria-label=\\\"Previous\\\" tabindex=\\\"0\\\" role=\\\"button\\\"&gt;&lt;\/button&gt;\", \"nextArrow\": \"&lt;button type=\\\"button\\\" class=\\\"slick-next\\\" aria-label=\\\"Next\\\" tabindex=\\\"0\\\" role=\\\"button\\\"&gt;&lt;\/button&gt;\"}' ><div class=\"bt_bb_slider_item\" data-src-full=\"https:\/\/walksintra.com\/wp-content\/uploads\/2021\/11\/Vinho-de-Colares-Walk-Sintra.jpg\"><img decoding=\"async\" src=\"https:\/\/walksintra.com\/wp-content\/uploads\/2021\/11\/Vinho-de-Colares-Walk-Sintra.jpg\" alt=\"Vinho-de-Colares-Walk-Sintra\"  title=\"Vinho-de-Colares-Walk-Sintra\"><\/div><div class=\"bt_bb_slider_item\" data-src-full=\"https:\/\/walksintra.com\/wp-content\/uploads\/2020\/11\/pr8-colares.jpg\"><img decoding=\"async\" src=\"https:\/\/walksintra.com\/wp-content\/uploads\/2020\/11\/pr8-colares.jpg\" alt=\"pr8-colares\"  title=\"pr8-colares\"><\/div><div class=\"bt_bb_slider_item\" data-src-full=\"https:\/\/walksintra.com\/wp-content\/uploads\/cm-maps-routes-manager\/images\/pr8-colares-2.jpg\"><img decoding=\"async\" src=\"https:\/\/walksintra.com\/wp-content\/uploads\/cm-maps-routes-manager\/images\/pr8-colares-2.jpg\" alt=\"pr8-colares-2\"  title=\"pr8-colares-2\"><\/div><\/div><\/div><div class=\"bt_bb_separator bt_bb_border_style_none bt_bb_bottom_spacing_normal bt_bb_hidden_md bt_bb_hidden_lg\" data-bt-override-class=\"null\"><\/div><div class=\"bt_bb_video bt_bb_disable_controls_no\"><div class=\"bt-video-container\"><div style=\"width: 100%;\" class=\"wp-video\"><!--[if lt IE 9]><script>document.createElement('video');<\/script><![endif]-->\n<video class=\"wp-video-shortcode\" id=\"video-5588-1\" width=\"640\" height=\"360\" preload=\"metadata\" controls=\"controls\"><source type=\"video\/youtube\" src=\"https:\/\/www.youtube.com\/watch?v=VANkkJHBXio&#038;_=1\" \/><a href=\"https:\/\/www.youtube.com\/watch?v=VANkkJHBXio\">https:\/\/www.youtube.com\/watch?v=VANkkJHBXio<\/a><\/video><\/div><\/div><\/div><div class=\"bt_bb_separator bt_bb_border_style_none bt_bb_bottom_spacing_normal bt_bb_hidden_md bt_bb_hidden_lg\" data-bt-override-class=\"null\"><\/div><\/div><\/div><\/div><div  class=\"bt_bb_column col-xxl-6 col-xl-6 bt_bb_vertical_align_top bt_bb_align_left bt_bb_padding_normal\" style=\"; --column-width:6;\" data-width=\"6\" data-bt-override-class=\"{}\"><div class=\"bt_bb_column_content\"><div class=\"bt_bb_column_content_inner\"><div  class=\"bt_bb_text\" ><\/p>\n<p>Este Outono promete: sol, vento seco, e pouca chuva \u2013 tempo perfeito para uma manh\u00e3 de caminhada!<\/p>\n<p>Junte-se a n\u00f3s para a\u00a0<strong>caminhada guiada VINHO DE COLARES<\/strong>\u00a0<strong>com posterior prova de quatro vinhos na Adega de Colares no S\u00e1bado, dia 13 e Novembro.<\/strong><\/p>\n<p>Este percurso \u00e9 a primeiro numa s\u00e9rie de caminhadas que vamos organizar, desta vez celebrando o tema \u2018<strong>Dia mundial de Enoturismo<\/strong>\u2019. \u00a0<strong>\u00a0<\/strong><\/p>\n<p>Esta caminhada circular de cerca de 15 kms \u00e9 o PR8 de Sintra.\u00a0 Ela inicia e acaba junto \u00e0 Adega Regional de Colares \u2013 a adega cooperativa mais antiga de Portugal. O percurso segue pelo pinhal at\u00e9 \u00e0s Azenhas do Mar, continua \u00e0 Beira Mar at\u00e9 \u00e0s arribas da Aguda, virando para o interior, \u00e0s vinhas de solo de areia e voltando pela aldeia de Fontanelas e o Pinhal de Mucifal a Colares.\u00a0 Nas vinhas, no meio do caminho, vamos descobrir os segredos do vinho de Colares.<\/p>\n<p>No fim, j\u00e1 na adega, vamos ter a oportunidade de provar os vinhos de Colares para melhor entendermos como s\u00e3o especiais.<\/p>\n<p style=\"font-weight: 400;\"><strong>Local de In\u00edcio e Fim:<\/strong>\u00a0Adega de Colares<\/p>\n<ul>\n<li style=\"font-weight: 400;\"><strong>Hor\u00e1rio:<\/strong>\u00a0das 9h \u00e0s 15h (incluindo j\u00e1 a prova)<\/li>\n<li style=\"font-weight: 400;\"><strong>Dura\u00e7\u00e3o:<\/strong>\u00a06h<\/li>\n<li style=\"font-weight: 400;\"><strong>N\u00famero m\u00e1ximo de participantes:<\/strong>\u00a010<\/li>\n<li><strong>N\u00famero m\u00ednimo de participantes:<\/strong>\u00a03<\/li>\n<li><strong>Grau de dificildade:<\/strong> Moderado<\/li>\n<li style=\"font-weight: 400;\"><strong>Dist\u00e2ncia:<\/strong>\u00a015km<\/li>\n<li style=\"font-weight: 400;\"><strong>Tipo:<\/strong>\u00a0Circular<\/li>\n<li style=\"font-weight: 400;\"><strong>Equipamento para trazer:<\/strong> Cal\u00e7ado confort\u00e1vel, roupa respir\u00e1vel, sweat t-shirt ou corta vento, chap\u00e9u, protector solar. Traga \u00e1gua e snack.<\/li>\n<li style=\"font-weight: 400;\">N\u00e3o aconselh\u00e1vel para pessoas com mobilidade reduzida<\/li>\n<li style=\"font-weight: 400;\"><b style=\"font-weight: 400;\">\u00c9 necess\u00e1rio marca\u00e7\u00e3o pr\u00e9via com 24 de anteced\u00eancia para confirma\u00e7\u00e3o da sua inscri\u00e7\u00e3o e para <\/b><b>activar<\/b><b style=\"font-weight: 400;\"> o seguro<\/b><\/li>\n<li style=\"font-weight: 400;\"><strong>Idade m\u00ednima \u00e9 de 18 anos<\/strong><\/li>\n<\/ul>\n<p style=\"font-weight: 400;\">O pre\u00e7o da caminhada s\u00e3o 10 \u20ac por pessoa, mais a opcional 15 \u20ac da prova de vinho a realizar no fim da caminhada.<\/p>\n<p style=\"font-weight: 400;\">As 2 inscri\u00e7\u00f5es (caminhada e prova) s\u00e3o feitas ao mesmo tempo por motivos de planeamento. O pre\u00e7o da caminhada inclui servi\u00e7o de guia e seguro.<\/p>\n<p style=\"font-weight: 400;\">Fa\u00e7a a sua inscri\u00e7\u00e3o no formul\u00e1rio abaixo, ou atrav\u00e9s do email info@walksintra.com<\/p>\n<p style=\"font-weight: 400;\">Esta caminhada \u00e9 uma das v\u00e1rias sugest\u00f5es na nossa s\u00e9rie de caminhadas \u2018Hike &amp; Wine\u2019\u00a0 e \u00e9 a primeira de muitas organizadas pelo WalkSintra\u00ae \u2013 siga-nos para conhecer os nossos pr\u00f3ximos eventos.\u00a0 Contacte-nos pela <a href=\"mailto:info@walksintra.com\">info@walksintra.com<\/a> para mais informa\u00e7\u00f5es.<\/p>\n<p><strong><a href=\"https:\/\/casadovalle.com\/\">Reserve Aqui<\/a> a sua estadia em Sintra na Casa do Valle e obtenha 5% de desconto com o c\u00f3gigo WALK5.\u00a0<\/strong><\/p>\n<h6><b>Inscri\u00e7\u00f5es esgotadas. Em breve divulgaremos mais eventos.<\/b><\/h6>\n<p>\n<\/div><\/div><\/div><\/div><\/div><\/div><div class=\"bt_bb_row  bt_bb_hidden_xs bt_bb_hidden_ms bt_bb_hidden_sm\"  data-bt-override-class=\"{}\"><div class=\"bt_bb_row_holder\" ><div  class=\"bt_bb_column col-xxl-6 col-xl-6 bt_bb_vertical_align_top bt_bb_align_left bt_bb_padding_normal\" style=\"; --column-width:6;\" data-width=\"6\" data-bt-override-class=\"{}\"><div class=\"bt_bb_column_content\"><div class=\"bt_bb_column_content_inner\"><div  class=\"bt_bb_text\" ><\/p>\n<p>Este Outono promete: sol, vento seco, e pouca chuva \u2013 tempo perfeito para uma manh\u00e3 de caminhada!<\/p>\n<p>Junte-se a n\u00f3s para a\u00a0<strong>caminhada guiada VINHO DE COLARES<\/strong>\u00a0<strong>com posterior prova de quatro vinhos na Adega de Colares no S\u00e1bado, dia 13 e Novembro.<\/strong><\/p>\n<p>Este percurso \u00e9 a primeiro numa s\u00e9rie de caminhadas que vamos organizar, desta vez celebrando o tema \u2018<strong>Dia mundial de Enoturismo<\/strong>\u2019. \u00a0<strong>\u00a0<\/strong><\/p>\n<p>Esta caminhada circular de cerca de 15 kms \u00e9 o PR8 de Sintra.\u00a0 Ela inicia e acaba junto \u00e0 Adega Regional de Colares \u2013 a adega cooperativa mais antiga de Portugal. O percurso segue pelo pinhal at\u00e9 \u00e0s Azenhas do Mar, continua \u00e0 Beira Mar at\u00e9 \u00e0s arribas da Aguda, virando para o interior, \u00e0s vinhas de solo de areia e voltando pela aldeia de Fontanelas e o Pinhal de Mucifal a Colares.\u00a0 Nas vinhas, no meio do caminho, vamos descobrir os segredos do vinho de Colares.<\/p>\n<p>No fim, j\u00e1 na adega, vamos ter a oportunidade de provar os vinhos de Colares para melhor entendermos como s\u00e3o especiais.<\/p>\n<p style=\"font-weight: 400;\"><strong>Local de In\u00edcio e Fim:<\/strong>\u00a0Adega de Colares<\/p>\n<ul>\n<li style=\"font-weight: 400;\"><strong>Hor\u00e1rio:<\/strong>\u00a0das 9h \u00e0s 15h (incluindo j\u00e1 a prova)<\/li>\n<li style=\"font-weight: 400;\"><strong>Dura\u00e7\u00e3o:<\/strong>\u00a06h<\/li>\n<li style=\"font-weight: 400;\"><strong>N\u00famero m\u00e1ximo de participantes:<\/strong>\u00a010<\/li>\n<li><strong>N\u00famero m\u00ednimo de participantes:<\/strong>\u00a03<\/li>\n<li><strong>Grau de dificildade:<\/strong> Moderado<\/li>\n<li style=\"font-weight: 400;\"><strong>Dist\u00e2ncia:<\/strong>\u00a015km<\/li>\n<li style=\"font-weight: 400;\"><strong>Tipo:<\/strong>\u00a0Circular<\/li>\n<li style=\"font-weight: 400;\"><strong>Equipamento para trazer:<\/strong> Cal\u00e7ado confort\u00e1vel, roupa respir\u00e1vel, sweat t-shirt ou corta vento, chap\u00e9u, protector solar. Traga \u00e1gua e snack.<\/li>\n<li style=\"font-weight: 400;\">N\u00e3o aconselh\u00e1vel para pessoas com mobilidade reduzida<\/li>\n<li style=\"font-weight: 400;\"><b style=\"font-weight: 400;\">\u00c9 necess\u00e1rio marca\u00e7\u00e3o pr\u00e9via com 24 de anteced\u00eancia para confirma\u00e7\u00e3o da sua inscri\u00e7\u00e3o e para <\/b><b>activar<\/b><b style=\"font-weight: 400;\"> o seguro<\/b><\/li>\n<li style=\"font-weight: 400;\"><strong>Idade m\u00ednima \u00e9 de 18 anos<\/strong><\/li>\n<\/ul>\n<p style=\"font-weight: 400;\">O pre\u00e7o da caminhada s\u00e3o 10 \u20ac por pessoa, mais a opcional 15 \u20ac da prova de vinho a realizar no fim da caminhada.<\/p>\n<p style=\"font-weight: 400;\">As 2 inscri\u00e7\u00f5es (caminhada e prova) s\u00e3o feitas ao mesmo tempo por motivos de planeamento. O pre\u00e7o da caminhada inclui servi\u00e7o de guia e seguro.<\/p>\n<p style=\"font-weight: 400;\">Fa\u00e7a a sua inscri\u00e7\u00e3o no formul\u00e1rio abaixo, ou atrav\u00e9s do email info@walksintra.com<\/p>\n<p style=\"font-weight: 400;\">Esta caminhada \u00e9 uma das v\u00e1rias sugest\u00f5es na nossa s\u00e9rie de caminhadas \u2018Hike &amp; Wine\u2019\u00a0 e \u00e9 a primeira de muitas organizadas pelo WalkSintra\u00ae \u2013 siga-nos para conhecer os nossos pr\u00f3ximos eventos.\u00a0 Contacte-nos pela <a href=\"mailto:info@walksintra.com\">info@walksintra.com<\/a> para mais informa\u00e7\u00f5es.<\/p>\n<p><strong><a href=\"https:\/\/casadovalle.com\/\">Reserve Aqui<\/a> a sua estadia em Sintra na Casa do Valle e obtenha 5% de desconto com o c\u00f3gigo WALK5.<\/strong><\/p>\n<h6><b>Inscri\u00e7\u00f5es esgotadas. Em breve divulgaremos mais eventos.\u00a0<\/b><\/h6>\n<p>\n<\/div><\/div><\/div><\/div><div  class=\"bt_bb_column col-xxl-6 col-xl-6 bt_bb_vertical_align_top bt_bb_align_left bt_bb_padding_normal\" style=\"; --column-width:6;\" data-width=\"6\" data-bt-override-class=\"{}\"><div class=\"bt_bb_column_content\"><div class=\"bt_bb_column_content_inner\"><div class=\"bt_bb_slider bt_bb_height_auto bt_bb_show_dots_bottom bt_bb_animation_slide animate\"><div class=\"slick-slider\"  data-slick='{ \"lazyLoad\": \"progressive\", \"cssEase\": \"ease-out\", \"speed\": \"300\", \"adaptiveHeight\": true, \"dots\": true, \"prevArrow\": \"&lt;button type=\\\"button\\\" class=\\\"slick-prev\\\" aria-label=\\\"Previous\\\" tabindex=\\\"0\\\" role=\\\"button\\\"&gt;&lt;\/button&gt;\", \"nextArrow\": \"&lt;button type=\\\"button\\\" class=\\\"slick-next\\\" aria-label=\\\"Next\\\" tabindex=\\\"0\\\" role=\\\"button\\\"&gt;&lt;\/button&gt;\"}' ><div class=\"bt_bb_slider_item\" data-src-full=\"https:\/\/walksintra.com\/wp-content\/uploads\/2021\/11\/Vinho-de-Colares-Walk-Sintra.jpg\"><img decoding=\"async\" src=\"https:\/\/walksintra.com\/wp-content\/uploads\/2021\/11\/Vinho-de-Colares-Walk-Sintra.jpg\" alt=\"Vinho-de-Colares-Walk-Sintra\"  title=\"Vinho-de-Colares-Walk-Sintra\"><\/div><div class=\"bt_bb_slider_item\" data-src-full=\"https:\/\/walksintra.com\/wp-content\/uploads\/2020\/11\/pr8-colares.jpg\"><img decoding=\"async\" src=\"https:\/\/walksintra.com\/wp-content\/uploads\/2020\/11\/pr8-colares.jpg\" alt=\"pr8-colares\"  title=\"pr8-colares\"><\/div><div class=\"bt_bb_slider_item\" data-src-full=\"https:\/\/walksintra.com\/wp-content\/uploads\/2020\/11\/pr8-colares-2.jpg\"><img decoding=\"async\" src=\"https:\/\/walksintra.com\/wp-content\/uploads\/2020\/11\/pr8-colares-2.jpg\" alt=\"pr8-colares-2\"  title=\"pr8-colares-2\"><\/div><\/div><\/div><div class=\"bt_bb_separator bt_bb_border_style_none bt_bb_top_spacing_small bt_bb_bottom_spacing_small\" data-bt-override-class=\"null\"><\/div><div class=\"bt_bb_video bt_bb_disable_controls_no\"><div class=\"bt-video-container\"><div style=\"width: 100%;\" class=\"wp-video\"><video class=\"wp-video-shortcode\" id=\"video-5588-2\" width=\"640\" height=\"360\" preload=\"metadata\" controls=\"controls\"><source type=\"video\/youtube\" src=\"https:\/\/www.youtube.com\/watch?v=VANkkJHBXio&#038;_=2\" \/><a href=\"https:\/\/www.youtube.com\/watch?v=VANkkJHBXio\">https:\/\/www.youtube.com\/watch?v=VANkkJHBXio<\/a><\/video><\/div><\/div><\/div><\/div><\/div><\/div><\/div><\/div><div class=\"bt_bb_row\"  data-bt-override-class=\"{}\"><div class=\"bt_bb_row_holder\" ><\/div><\/div><\/div><!-- cell_inner --><\/div><!-- cell --><\/div><!-- port --><\/section>","protected":false},"excerpt":{"rendered":"","protected":false},"author":1,"featured_media":5601,"comment_status":"closed","ping_status":"open","sticky":false,"template":"","format":"standard","meta":{"_monsterinsights_skip_tracking":false,"_monsterinsights_sitenote_active":false,"_monsterinsights_sitenote_note":"","_monsterinsights_sitenote_category":0,"footnotes":""},"categories":[306],"tags":[],"class_list":["post-5588","post","type-post","status-publish","format-standard","has-post-thumbnail","hentry","category-eventos"],"_links":{"self":[{"href":"https:\/\/walksintra.com\/pt\/wp-json\/wp\/v2\/posts\/5588","targetHints":{"allow":["GET"]}}],"collection":[{"href":"https:\/\/walksintra.com\/pt\/wp-json\/wp\/v2\/posts"}],"about":[{"href":"https:\/\/walksintra.com\/pt\/wp-json\/wp\/v2\/types\/post"}],"author":[{"embeddable":true,"href":"https:\/\/walksintra.com\/pt\/wp-json\/wp\/v2\/users\/1"}],"replies":[{"embeddable":true,"href":"https:\/\/walksintra.com\/pt\/wp-json\/wp\/v2\/comments?post=5588"}],"version-history":[{"count":15,"href":"https:\/\/walksintra.com\/pt\/wp-json\/wp\/v2\/posts\/5588\/revisions"}],"predecessor-version":[{"id":5620,"href":"https:\/\/walksintra.com\/pt\/wp-json\/wp\/v2\/posts\/5588\/revisions\/5620"}],"wp:featuredmedia":[{"embeddable":true,"href":"https:\/\/walksintra.com\/pt\/wp-json\/wp\/v2\/media\/5601"}],"wp:attachment":[{"href":"https:\/\/walksintra.com\/pt\/wp-json\/wp\/v2\/media?parent=5588"}],"wp:term":[{"taxonomy":"category","embeddable":true,"href":"https:\/\/walksintra.com\/pt\/wp-json\/wp\/v2\/categories?post=5588"},{"taxonomy":"post_tag","embeddable":true,"href":"https:\/\/walksintra.com\/pt\/wp-json\/wp\/v2\/tags?post=5588"}],"curies":[{"name":"wp","href":"https:\/\/api.w.org\/{rel}","templated":true}]}}