{"id":5223,"date":"2021-06-14T10:45:08","date_gmt":"2021-06-14T10:45:08","guid":{"rendered":"https:\/\/walksintra.com\/?p=5223"},"modified":"2021-06-14T10:52:42","modified_gmt":"2021-06-14T10:52:42","slug":"passear-em-sintra-na-primavera","status":"publish","type":"post","link":"https:\/\/walksintra.com\/pt\/2021\/06\/14\/passear-em-sintra-na-primavera\/","title":{"rendered":"Passear em Sintra na Primavera"},"content":{"rendered":"<blockquote>\n<p style=\"text-align: left;\"><strong>Sintra \u00e9 fabulosa em qualquer altura do ano, mas na primavera tem um toque especial!<\/strong><br \/>\n<cite>(Abril, maio e junho)<\/cite><\/p>\n<\/blockquote>\n<p>Tudo est\u00e1 florido e h\u00e1 um perfume especial no ar!<\/p>\n<p>O solo da serra \u00e9 em muitos lugares cobertos de pervinca azul, a zona costeira de armerias e chor\u00f5es rosas e a zona campestre de margaridas, trevos e papoilas multicoloridas. O ar est\u00e1 repleto da doce aroma de pittosporums, jasmim, madressilva e flores de \u00e1rvores de fruta. Depois que as chuvas de inverno secam, os caminhos normalmente est\u00e3o em boas condi\u00e7\u00f5es, e as po\u00e7as ocasionais s\u00e3o f\u00e1ceis de evitar.<\/p>\n<p>Nos campos abertos e nas bordas da floresta, a relva cresce muito rapidamente \u2013 muitas vezes junto com os belos, mas espinhosos catos; sugerimos ent\u00e3o cal\u00e7as compridas ou meias altas. A maioria dos campos de feno s\u00e3o cortados em meados de maio. Os muitos riachos ainda s\u00e3o abundantes em \u00e1gua, e as cachoeiras, embora n\u00e3o t\u00e3o cheias como no inverno, ainda t\u00eam \u00e1gua o suficiente para ter um belo fluxo de \u00e1gua.<\/p>\n<p>As temperaturas m\u00e9dias da tarde durante a primavera em Sintra situam-se entre os 21 e os 27\u00baC, e a temperatura noturna desce cerca de 10\u00ba (12-16\u00baC).\u00a0 Em abril e maio, pode esperar muita chuva, chuviscos, mas n\u00e3o muito \u00e1gua, especialmente em maio. \u00c9 raro chover um dia inteiro. Mais da metade dos dias s\u00e3o ensolarados em qualquer m\u00eas, e a m\u00e9dia de horas de sol \u00e9 de 9 a 11 horas por dia. Portanto, esteja preparado para todos os tipos de clima \u2013 recomenda-se roupa em camadas e uma leve capa de chuva. Contudo, n\u00e3o esque\u00e7a do protetor solar, porque o nosso sol \u00e9 forte! No litoral, o vento fica mais forte durante a tarde.<\/p>\n<p>Durante estes meses, os autocarros ainda observam os hor\u00e1rios de inverno at\u00e9 o final de junho, fim da temporada escolar. Ent\u00e3o h\u00e1 muitos autocarros ainda para lev\u00e1-lo ao ponto de in\u00edcio\/fim das caminhadas.<\/p>\n<div id='gallery-1' class='gallery galleryid-5223 gallery-columns-3 gallery-size-medium'><figure class='gallery-item'>\n\t\t\t<div class='gallery-icon landscape'>\n\t\t\t\t<a href='https:\/\/walksintra.com\/pt\/2021\/06\/14\/passear-em-sintra-na-primavera\/walking-in-sintra-in-the-spring-5\/'><img loading=\"lazy\" decoding=\"async\" width=\"640\" height=\"410\" src=\"https:\/\/walksintra.com\/wp-content\/uploads\/2021\/06\/Walking-in-Sintra-in-the-Spring-1-640x410.jpg\" class=\"attachment-medium size-medium\" alt=\"\" srcset=\"https:\/\/walksintra.com\/wp-content\/uploads\/2021\/06\/Walking-in-Sintra-in-the-Spring-1-640x410.jpg 640w, https:\/\/walksintra.com\/wp-content\/uploads\/2021\/06\/Walking-in-Sintra-in-the-Spring-1-768x492.jpg 768w, https:\/\/walksintra.com\/wp-content\/uploads\/2021\/06\/Walking-in-Sintra-in-the-Spring-1-16x10.jpg 16w, https:\/\/walksintra.com\/wp-content\/uploads\/2021\/06\/Walking-in-Sintra-in-the-Spring-1-320x205.jpg 320w, https:\/\/walksintra.com\/wp-content\/uploads\/2021\/06\/Walking-in-Sintra-in-the-Spring-1.jpg 1250w\" sizes=\"auto, (max-width: 640px) 100vw, 640px\" \/><\/a>\n\t\t\t<\/div><\/figure><figure class='gallery-item'>\n\t\t\t<div class='gallery-icon landscape'>\n\t\t\t\t<a href='https:\/\/walksintra.com\/pt\/2021\/06\/14\/passear-em-sintra-na-primavera\/walking-in-sintra-in-the-spring-4-2\/'><img loading=\"lazy\" decoding=\"async\" width=\"640\" height=\"410\" src=\"https:\/\/walksintra.com\/wp-content\/uploads\/2021\/06\/Walking-in-Sintra-in-the-Spring-4-1-640x410.jpg\" class=\"attachment-medium size-medium\" alt=\"\" srcset=\"https:\/\/walksintra.com\/wp-content\/uploads\/2021\/06\/Walking-in-Sintra-in-the-Spring-4-1-640x410.jpg 640w, https:\/\/walksintra.com\/wp-content\/uploads\/2021\/06\/Walking-in-Sintra-in-the-Spring-4-1-768x492.jpg 768w, https:\/\/walksintra.com\/wp-content\/uploads\/2021\/06\/Walking-in-Sintra-in-the-Spring-4-1-16x10.jpg 16w, https:\/\/walksintra.com\/wp-content\/uploads\/2021\/06\/Walking-in-Sintra-in-the-Spring-4-1-320x205.jpg 320w, https:\/\/walksintra.com\/wp-content\/uploads\/2021\/06\/Walking-in-Sintra-in-the-Spring-4-1.jpg 1250w\" sizes=\"auto, (max-width: 640px) 100vw, 640px\" \/><\/a>\n\t\t\t<\/div><\/figure><figure class='gallery-item'>\n\t\t\t<div class='gallery-icon landscape'>\n\t\t\t\t<a href='https:\/\/walksintra.com\/pt\/2021\/06\/14\/passear-em-sintra-na-primavera\/walking-in-sintra-in-the-spring-3-2\/'><img loading=\"lazy\" decoding=\"async\" width=\"640\" height=\"410\" src=\"https:\/\/walksintra.com\/wp-content\/uploads\/2021\/06\/Walking-in-Sintra-in-the-Spring-3-1-640x410.jpg\" class=\"attachment-medium size-medium\" alt=\"\" srcset=\"https:\/\/walksintra.com\/wp-content\/uploads\/2021\/06\/Walking-in-Sintra-in-the-Spring-3-1-640x410.jpg 640w, https:\/\/walksintra.com\/wp-content\/uploads\/2021\/06\/Walking-in-Sintra-in-the-Spring-3-1-768x492.jpg 768w, https:\/\/walksintra.com\/wp-content\/uploads\/2021\/06\/Walking-in-Sintra-in-the-Spring-3-1-16x10.jpg 16w, https:\/\/walksintra.com\/wp-content\/uploads\/2021\/06\/Walking-in-Sintra-in-the-Spring-3-1-320x205.jpg 320w, https:\/\/walksintra.com\/wp-content\/uploads\/2021\/06\/Walking-in-Sintra-in-the-Spring-3-1.jpg 1250w\" sizes=\"auto, (max-width: 640px) 100vw, 640px\" \/><\/a>\n\t\t\t<\/div><\/figure>\n\t\t<\/div>","protected":false},"excerpt":{"rendered":"<p>Sintra \u00e9 fabulosa em qualquer altura do ano, mas a primavera tem um toque especial! Tudo est\u00e1 em flor e h\u00e1 um perfume especial no ar.<\/p>","protected":false},"author":1,"featured_media":5216,"comment_status":"closed","ping_status":"open","sticky":false,"template":"","format":"standard","meta":{"_monsterinsights_skip_tracking":false,"_monsterinsights_sitenote_active":false,"_monsterinsights_sitenote_note":"","_monsterinsights_sitenote_category":0,"footnotes":""},"categories":[283],"tags":[],"class_list":["post-5223","post","type-post","status-publish","format-standard","has-post-thumbnail","hentry","category-noticias"],"_links":{"self":[{"href":"https:\/\/walksintra.com\/pt\/wp-json\/wp\/v2\/posts\/5223","targetHints":{"allow":["GET"]}}],"collection":[{"href":"https:\/\/walksintra.com\/pt\/wp-json\/wp\/v2\/posts"}],"about":[{"href":"https:\/\/walksintra.com\/pt\/wp-json\/wp\/v2\/types\/post"}],"author":[{"embeddable":true,"href":"https:\/\/walksintra.com\/pt\/wp-json\/wp\/v2\/users\/1"}],"replies":[{"embeddable":true,"href":"https:\/\/walksintra.com\/pt\/wp-json\/wp\/v2\/comments?post=5223"}],"version-history":[{"count":4,"href":"https:\/\/walksintra.com\/pt\/wp-json\/wp\/v2\/posts\/5223\/revisions"}],"predecessor-version":[{"id":5232,"href":"https:\/\/walksintra.com\/pt\/wp-json\/wp\/v2\/posts\/5223\/revisions\/5232"}],"wp:featuredmedia":[{"embeddable":true,"href":"https:\/\/walksintra.com\/pt\/wp-json\/wp\/v2\/media\/5216"}],"wp:attachment":[{"href":"https:\/\/walksintra.com\/pt\/wp-json\/wp\/v2\/media?parent=5223"}],"wp:term":[{"taxonomy":"category","embeddable":true,"href":"https:\/\/walksintra.com\/pt\/wp-json\/wp\/v2\/categories?post=5223"},{"taxonomy":"post_tag","embeddable":true,"href":"https:\/\/walksintra.com\/pt\/wp-json\/wp\/v2\/tags?post=5223"}],"curies":[{"name":"wp","href":"https:\/\/api.w.org\/{rel}","templated":true}]}}